{"id":1709,"date":"2025-04-08T08:31:42","date_gmt":"2025-04-08T08:31:42","guid":{"rendered":"https:\/\/dta.cnr.it\/2025\/04\/08\/the-afam-roadshow-ricerca-creativita-innovazione\/"},"modified":"2025-04-08T08:31:42","modified_gmt":"2025-04-08T08:31:42","slug":"the-afam-roadshow-ricerca-creativita-innovazione","status":"publish","type":"post","link":"https:\/\/dta.cnr.it\/en\/2025\/04\/08\/the-afam-roadshow-ricerca-creativita-innovazione\/","title":{"rendered":"The AFAM Roadshow. &#8216;Ricerca. Creativit\u00e0. Innovazione&#8217;"},"content":{"rendered":"<p>09\/04\/2025.<br \/>\n\t\t\t\t\t\tL&#8217;Istituto di scienze del patrimonio culturale del Cnr e la Rome University of Fine Arts (RUFA), in collaborazione con Universit\u00e0 Sapienza e le Accademie\u00a0dell&#8217;Alta Formazione Artistica, Musicale e coreutica (AFAM) lanciano un evento itinerante sul Patrimonio Culturale Digitale, con mostre, lectio magistralis e tavole rotonde con ospiti dal mondo artistico, museale, progettuale. &#8220;The AFAM Roadshow \u2013 Ricerca. Creativit\u00e0. Innovazione&#8221; sar\u00e0 in tour in Italia, toccando 7 citt\u00e0, a partire dal 9 aprile fino al 3 ottobre. Il Roadshow nasce con l\u2019obiettivo di creare\u00a0un dialogo tra arte, design e tecnologia, avvicinando pubblico e cittadinanza, comunit\u00e0 e studenti da tutta Italia, a temi chiave come sostenibilit\u00e0 multidimensionalit\u00e0, inclusione, ma anche hi-tech, contemporaneit\u00e0, progettazione. Ogni appuntamento \u00e8 concepito per stimolare una riflessione sul futuro della creativit\u00e0, e sul ruolo delle nuove tecnologie nel valor\u00a0<a href=\"https:\/\/www.cnr.it\/it\/news\/13435\/the-afam-roadshow-ricerca-creativita-innovazione\" target=\"_blank\" class=\"feedzy-rss-link-icon\">Read More<\/a>\u00a0<\/p>","protected":false},"excerpt":{"rendered":"<p>09\/04\/2025. L&#8217;Istituto di scienze del patrimonio culturale del Cnr e la Rome University of Fine Arts (RUFA), in collaborazione con Universit\u00e0 Sapienza e le Accademie\u00a0dell&#8217;Alta Formazione Artistica, Musicale e coreutica (AFAM) lanciano un evento itinerante sul Patrimonio Culturale Digitale, con mostre, lectio magistralis e tavole rotonde con ospiti dal mondo artistico, museale, progettuale. &#8220;The AFAM [&hellip;]<\/p>\n","protected":false},"author":0,"featured_media":1710,"comment_status":"closed","ping_status":"closed","sticky":false,"template":"","format":"standard","meta":{"_et_pb_use_builder":"","_et_pb_old_content":"","_et_gb_content_width":"","footnotes":""},"categories":[25],"tags":[],"class_list":["post-1709","post","type-post","status-publish","format-standard","has-post-thumbnail","hentry","category-notizie"],"_links":{"self":[{"href":"https:\/\/dta.cnr.it\/en\/wp-json\/wp\/v2\/posts\/1709","targetHints":{"allow":["GET"]}}],"collection":[{"href":"https:\/\/dta.cnr.it\/en\/wp-json\/wp\/v2\/posts"}],"about":[{"href":"https:\/\/dta.cnr.it\/en\/wp-json\/wp\/v2\/types\/post"}],"replies":[{"embeddable":true,"href":"https:\/\/dta.cnr.it\/en\/wp-json\/wp\/v2\/comments?post=1709"}],"version-history":[{"count":0,"href":"https:\/\/dta.cnr.it\/en\/wp-json\/wp\/v2\/posts\/1709\/revisions"}],"wp:featuredmedia":[{"embeddable":true,"href":"https:\/\/dta.cnr.it\/en\/wp-json\/wp\/v2\/media\/1710"}],"wp:attachment":[{"href":"https:\/\/dta.cnr.it\/en\/wp-json\/wp\/v2\/media?parent=1709"}],"wp:term":[{"taxonomy":"category","embeddable":true,"href":"https:\/\/dta.cnr.it\/en\/wp-json\/wp\/v2\/categories?post=1709"},{"taxonomy":"post_tag","embeddable":true,"href":"https:\/\/dta.cnr.it\/en\/wp-json\/wp\/v2\/tags?post=1709"}],"curies":[{"name":"wp","href":"https:\/\/api.w.org\/{rel}","templated":true}]}}